{"id":862,"date":"2013-12-03T15:12:06","date_gmt":"2013-12-03T14:12:06","guid":{"rendered":"http:\/\/themes.goodlayers2.com\/flawless\/?p=862"},"modified":"2023-02-28T12:15:51","modified_gmt":"2023-02-28T11:15:51","slug":"magna-pars-studiorum","status":"publish","type":"post","link":"https:\/\/ranhotelsomketa.com\/fr\/2013\/12\/03\/magna-pars-studiorum\/","title":{"rendered":"FESPACO : La r\u00e9silience des Burkinab\u00e8s"},"content":{"rendered":"<p><strong>La ministre des Affaires \u00e9trang\u00e8res, de la Coop\u00e9ration r\u00e9gionale et des Burkinab\u00e8 de l\u2019ext\u00e9rieur, Olivia Rouamba a \u00e9chang\u00e9 avec la commissaire au d\u00e9veloppement humain et des affaires sociales de la CEDEAO , le Pr Fatou Sow Sarr, pr\u00e9sente au Burkina Faso dans le cadre du FESPACO<\/strong><\/p>\n<div class=\"clear\"><\/div><div class=\"gdlr-space\" style=\"margin-top: 30px;\"><\/div>\n<blockquote class=\"gdlr-align-center\" >Cum sociis natoque penatus etaed pnis dis parturient montes, scettr aieo ridus mus. Etiam portaem mleyo.<\/blockquote>\n<div class=\"clear\"><\/div><div class=\"gdlr-space\" style=\"margin-top: 30px;\"><\/div>\n<div class=\"clear\"><\/div><div class=\"gdlr-space\" style=\"margin-top: 40px;\"><\/div>\n<table>\n<tbody>\n<tr>\n<th>Pharetra<\/th>\n<th>Malesuada<\/th>\n<th>Cursus<\/th>\n<th>Euismod<\/th>\n<\/tr>\n<tr>\n<td>Ipsum<\/td>\n<td>Portalion<\/td>\n<td>Elitesimo<\/td>\n<td>Aenean<\/td>\n<\/tr>\n<tr>\n<td>Ipsum<\/td>\n<td>Portalion<\/td>\n<td>Elitesimo<\/td>\n<td>Aenean<\/td>\n<\/tr>\n<tr>\n<td>Ipsum<\/td>\n<td>Portalion<\/td>\n<td>Elitesimo<\/td>\n<td>Aenean<\/td>\n<\/tr>\n<tr>\n<td>Ipsum<\/td>\n<td>Portalion<\/td>\n<td>Elitesimo<\/td>\n<td>Aenean<\/td>\n<\/tr>\n<tr>\n<td>Ipsum<\/td>\n<td>Portalion<\/td>\n<td>Elitesimo<\/td>\n<td>Aenean<\/td>\n<\/tr>\n<\/tbody>\n<\/table>\n<div class=\"clear\"><\/div><div class=\"gdlr-space\" style=\"margin-top: 40px;\"><\/div>\n<p>Lorem ipsum dolor sit amet, consectetur adipisici elit, sed eiusmod tempor incidunt ut labore et dolore magna aliqua. Idque Caesaris facere voluntate liceret: sese habere. Magna pars studiorum, prodita quaerimus. Magna pars studiorum, prodita quaerimus. Fabio vel iudice vincam, sunt in culpa qui officia. Vivamus sagittis lacus vel augue laoreet rutrum faucibus.<\/p>\n<p>Nihilne te nocturnum praesidium Palati, nihil urbis vigiliae. Non equidem invideo, miror magis posuere velit aliquet. Qui ipsorum lingua Celtae, nostra Galli appellantur. Prima luce, cum quibus mons aliud consensu ab eo. Petierunt uti sibi concilium totius Galliae in diem certam indicere.<\/p>","protected":false},"excerpt":{"rendered":"<p>La ministre des Affaires \u00e9trang\u00e8res, de la Coop\u00e9ration r\u00e9gionale et des Burkinab\u00e8 de l\u2019ext\u00e9rieur, Olivia Rouamba a \u00e9chang\u00e9 avec la commissaire au d\u00e9veloppement humain et des affaires sociales de la CEDEAO , le Pr Fatou Sow Sarr, pr\u00e9sente au Burkina Faso dans le cadre du FESPACO Pharetra Malesuada Cursus Euismod Ipsum Portalion Elitesimo Aenean Ipsum&#8230; <\/p>\n<div class=\"clear\"><\/div>\n<p><a href=\"https:\/\/ranhotelsomketa.com\/fr\/2013\/12\/03\/magna-pars-studiorum\/\" class=\"excerpt-read-more\">Continuer La Lecture<i class=\"fa fa-long-arrow-right icon-long-arrow-right\"><\/i><\/a><\/p>","protected":false},"author":1,"featured_media":4498,"comment_status":"open","ping_status":"open","sticky":false,"template":"","format":"standard","meta":{"footnotes":""},"categories":[4,5],"tags":[15,20,21],"class_list":["post-862","post","type-post","status-publish","format-standard","has-post-thumbnail","hentry","category-blog","category-fit-row","tag-blog","tag-link","tag-news"],"_links":{"self":[{"href":"https:\/\/ranhotelsomketa.com\/fr\/wp-json\/wp\/v2\/posts\/862","targetHints":{"allow":["GET"]}}],"collection":[{"href":"https:\/\/ranhotelsomketa.com\/fr\/wp-json\/wp\/v2\/posts"}],"about":[{"href":"https:\/\/ranhotelsomketa.com\/fr\/wp-json\/wp\/v2\/types\/post"}],"author":[{"embeddable":true,"href":"https:\/\/ranhotelsomketa.com\/fr\/wp-json\/wp\/v2\/users\/1"}],"replies":[{"embeddable":true,"href":"https:\/\/ranhotelsomketa.com\/fr\/wp-json\/wp\/v2\/comments?post=862"}],"version-history":[{"count":4,"href":"https:\/\/ranhotelsomketa.com\/fr\/wp-json\/wp\/v2\/posts\/862\/revisions"}],"predecessor-version":[{"id":4497,"href":"https:\/\/ranhotelsomketa.com\/fr\/wp-json\/wp\/v2\/posts\/862\/revisions\/4497"}],"wp:featuredmedia":[{"embeddable":true,"href":"https:\/\/ranhotelsomketa.com\/fr\/wp-json\/wp\/v2\/media\/4498"}],"wp:attachment":[{"href":"https:\/\/ranhotelsomketa.com\/fr\/wp-json\/wp\/v2\/media?parent=862"}],"wp:term":[{"taxonomy":"category","embeddable":true,"href":"https:\/\/ranhotelsomketa.com\/fr\/wp-json\/wp\/v2\/categories?post=862"},{"taxonomy":"post_tag","embeddable":true,"href":"https:\/\/ranhotelsomketa.com\/fr\/wp-json\/wp\/v2\/tags?post=862"}],"curies":[{"name":"wp","href":"https:\/\/api.w.org\/{rel}","templated":true}]}}